{"id":2309,"date":"2026-04-29T13:20:04","date_gmt":"2026-04-29T13:20:04","guid":{"rendered":"https:\/\/seminariodomlefebvre.com\/?p=2309"},"modified":"2026-04-29T13:21:32","modified_gmt":"2026-04-29T13:21:32","slug":"a-palavra-do-diretor-a-infalibilidade-10","status":"publish","type":"post","link":"https:\/\/seminariodomlefebvre.com\/en\/2026\/04\/29\/a-palavra-do-diretor-a-infalibilidade-10\/","title":{"rendered":"A Palavra do Diretor &#8211; A Infalibilidade &#8211; #10"},"content":{"rendered":"<div data-elementor-type=\"wp-post\" data-elementor-id=\"2309\" class=\"elementor elementor-2309\" data-elementor-settings=\"{&quot;ha_cmc_init_switcher&quot;:&quot;no&quot;}\" data-elementor-post-type=\"post\">\n\t\t\t\t<div class=\"elementor-element elementor-element-5e64e62f e-flex e-con-boxed e-con e-parent\" data-id=\"5e64e62f\" data-element_type=\"container\" data-e-type=\"container\" data-settings=\"{&quot;_ha_eqh_enable&quot;:false}\">\n\t\t\t\t\t<div class=\"e-con-inner\">\n\t\t\t\t<div class=\"elementor-element elementor-element-6c212a60 elementor-widget elementor-widget-text-editor\" data-id=\"6c212a60\" data-element_type=\"widget\" data-e-type=\"widget\" data-widget_type=\"text-editor.default\">\n\t\t\t\t\t\t\t\t\t\n<figure class=\"wp-block-image aligncenter size-large\"><img fetchpriority=\"high\" decoding=\"async\" width=\"1024\" height=\"683\" src=\"https:\/\/seminariodomlefebvre.com\/wp-content\/uploads\/2026\/04\/palavra-do-diretor-10-1-1024x683.png\" alt=\"\" class=\"wp-image-2311\" srcset=\"https:\/\/seminariodomlefebvre.com\/wp-content\/uploads\/2026\/04\/palavra-do-diretor-10-1-1024x683.png 1024w, https:\/\/seminariodomlefebvre.com\/wp-content\/uploads\/2026\/04\/palavra-do-diretor-10-1-300x200.png 300w, https:\/\/seminariodomlefebvre.com\/wp-content\/uploads\/2026\/04\/palavra-do-diretor-10-1-768x512.png 768w, https:\/\/seminariodomlefebvre.com\/wp-content\/uploads\/2026\/04\/palavra-do-diretor-10-1-18x12.png 18w, https:\/\/seminariodomlefebvre.com\/wp-content\/uploads\/2026\/04\/palavra-do-diretor-10-1-600x400.png 600w, https:\/\/seminariodomlefebvre.com\/wp-content\/uploads\/2026\/04\/palavra-do-diretor-10-1.png 1536w\" sizes=\"(max-width: 1024px) 100vw, 1024px\" \/><\/figure>\n\n\n\n<p>Caros amigos e benfeitores<strong>,<\/strong><\/p>\n\n\n\n<p>Vamos continuar nosso estudo sobre a Santa Igreja e passar agora ao segundo de seus atributos: <strong>a infalibilidade<\/strong>.<\/p>\n\n\n\n<h2 class=\"wp-block-heading\"><strong>Do segundo atributo da Igreja: a infalibilidade<\/strong><\/h2>\n\n\n\n<h3 class=\"wp-block-heading\"><strong>1) Defini\u00e7\u00e3o<\/strong><\/h3>\n\n\n\n<p>Comecemos, como sempre, por ver o que nos ensina o Catecismo.<\/p>\n\n\n\n<p><strong>O que se entende por infalibilidade da Igreja?<\/strong><\/p>\n\n\n\n<p>\u201cPor infalibilidade da Igreja, entende-se o privil\u00e9gio que Jesus Cristo concedeu \u00e0 sua Igreja de n\u00e3o se enganar quando ensina uma verdade de f\u00e9 ou de moral.\u201d<\/p>\n\n\n\n<h3 class=\"wp-block-heading\"><strong>2) Divis\u00e3o do Magist\u00e9rio<\/strong><\/h3>\n\n\n\n<p>\u00c9 importante notar que o catecismo ensina que \u00e9 <strong>a Igreja<\/strong> \u2014 e n\u00e3o o papa isoladamente \u2014 o sujeito da infalibilidade. O papa, assim como os bispos que comp\u00f5em a Igreja docente, s\u00f3 \u00e9 infal\u00edvel na medida em que representa essa Igreja.<\/p>\n\n\n\n<p>Seria, portanto, um erro afirmar que a pessoa do papa, considerada individualmente, \u00e9 o sujeito da infalibilidade. Basta um exemplo simples: quando o papa escreve uma carta privada \u2014 por exemplo, a um familiar \u2014 ele n\u00e3o est\u00e1 exercendo o Magist\u00e9rio e, portanto, n\u00e3o compromete o carisma da infalibilidade.<\/p>\n\n\n\n<p>O Magist\u00e9rio da Igreja se exerce de quatro modos:<\/p>\n\n\n\n<ul class=\"wp-block-list\">\n<li><strong>Magist\u00e9rio pontifical solene<\/strong> (ex cathedra)<\/li>\n\n\n\n<li><strong>Magist\u00e9rio pontif\u00edcio ordin\u00e1rio<\/strong><\/li>\n\n\n\n<li><strong>Magist\u00e9rio universal solene<\/strong><\/li>\n\n\n\n<li><strong>Magist\u00e9rio universal ordin\u00e1rio<\/strong><\/li>\n<\/ul>\n\n\n\n<h3 class=\"wp-block-heading\"><strong>3) Condi\u00e7\u00f5es da infalibilidade<\/strong><\/h3>\n\n\n\n<p>A Igreja ensina sempre de modo infal\u00edvel? N\u00e3o.<\/p>\n\n\n\n<p>O fato de o Conc\u00edlio Vaticano I ter definido condi\u00e7\u00f5es precisas para identificar quando h\u00e1 infalibilidade mostra que h\u00e1 situa\u00e7\u00f5es em que ela n\u00e3o est\u00e1 presente.<\/p>\n\n\n\n<p>O Conc\u00edlio definiu explicitamente apenas o <strong>magist\u00e9rio pontif\u00edcio solene (ex cathedra)<\/strong>, pois foi interrompido pela invas\u00e3o de Roma durante a revolu\u00e7\u00e3o italiana. As outras formas foram objeto de discuss\u00e3o teol\u00f3gica posterior.<\/p>\n\n\n\n<p>Segundo a opini\u00e3o teol\u00f3gica comum:<\/p>\n\n\n\n<ul class=\"wp-block-list\">\n<li>S\u00e3o infal\u00edveis:\n<ul class=\"wp-block-list\">\n<li>Magist\u00e9rio pontifical solene<\/li>\n\n\n\n<li>Magist\u00e9rio universal solene<\/li>\n\n\n\n<li>Magist\u00e9rio universal ordin\u00e1rio<\/li>\n<\/ul>\n<\/li>\n\n\n\n<li>N\u00e3o \u00e9 infal\u00edvel:\n<ul class=\"wp-block-list\">\n<li>Magist\u00e9rio pontif\u00edcio ordin\u00e1rio<\/li>\n<\/ul>\n<\/li>\n<\/ul>\n\n\n\n<h3 class=\"wp-block-heading\"><strong>4) O Magist\u00e9rio pontif\u00edcio solene (ex cathedra)<\/strong><\/h3>\n\n\n\n<p>Trata-se do momento em que o papa define solenemente uma verdade de f\u00e9 que deve ser crida por toda a Igreja.<\/p>\n\n\n\n<p><strong>Exemplo:<\/strong> a proclama\u00e7\u00e3o da Imaculada Concei\u00e7\u00e3o por Pio IX.<\/p>\n\n\n\n<p>As condi\u00e7\u00f5es para que um ensinamento seja considerado ex cathedra foram definidas na constitui\u00e7\u00e3o <em>Pastor Aeternus<\/em>. Em s\u00edntese, elas correspondem \u00e0s quatro causas cl\u00e1ssicas da filosofia:<\/p>\n\n\n\n<h4 class=\"wp-block-heading\"><strong>a) Causa eficiente<\/strong><\/h4>\n\n\n\n<p>O papa deve falar como pastor universal da Igreja, exercendo sua autoridade apost\u00f3lica suprema.<\/p>\n\n\n\n<p>N\u00e3o se aplica quando:<\/p>\n\n\n\n<ul class=\"wp-block-list\">\n<li>fala a um grupo restrito<\/li>\n\n\n\n<li>escreve documentos particulares<\/li>\n\n\n\n<li>profere homilias comuns<\/li>\n<\/ul>\n\n\n\n<h4 class=\"wp-block-heading\"><strong>b) Causa material<\/strong><\/h4>\n\n\n\n<p>O conte\u00fado deve tratar de:<\/p>\n\n\n\n<ul class=\"wp-block-list\">\n<li>f\u00e9<\/li>\n\n\n\n<li>moral<\/li>\n\n\n\n<li>ou elementos ligados \u00e0 Revela\u00e7\u00e3o<\/li>\n<\/ul>\n\n\n\n<h4 class=\"wp-block-heading\"><strong>c) Causa final<\/strong><\/h4>\n\n\n\n<p>A defini\u00e7\u00e3o deve visar a salva\u00e7\u00e3o das almas e obrigar toda a Igreja.<\/p>\n\n\n\n<h4 class=\"wp-block-heading\"><strong>d) Causa formal<\/strong><\/h4>\n\n\n\n<p>Deve haver inten\u00e7\u00e3o expl\u00edcita de definir uma doutrina de modo definitivo e irreform\u00e1vel.<\/p>\n\n\n\n<p>Se qualquer uma dessas condi\u00e7\u00f5es faltar, n\u00e3o h\u00e1 infalibilidade.<\/p>\n\n\n\n<h3 class=\"wp-block-heading\"><strong>5) O Magist\u00e9rio pontif\u00edcio ordin\u00e1rio<\/strong><\/h3>\n\n\n\n<p>Esse tipo de magist\u00e9rio n\u00e3o define dogmas, mas transmite a doutrina.<\/p>\n\n\n\n<p>Exemplos:<\/p>\n\n\n\n<ul class=\"wp-block-list\">\n<li>homilias<\/li>\n\n\n\n<li>enc\u00edclicas comuns<\/li>\n\n\n\n<li>cartas apost\u00f3licas<\/li>\n\n\n\n<li>discursos<\/li>\n<\/ul>\n\n\n\n<p>Ele <strong>n\u00e3o \u00e9 infal\u00edvel<\/strong>, mas exige dos fi\u00e9is uma <strong>submiss\u00e3o religiosa da intelig\u00eancia e da vontade<\/strong>.<\/p>\n\n\n\n<h3 class=\"wp-block-heading\"><strong>6) O Magist\u00e9rio universal solene<\/strong><\/h3>\n\n\n\n<p>Refere-se aos conc\u00edlios ecum\u00eanicos, quando definem solenemente quest\u00f5es de f\u00e9 ou moral.<\/p>\n\n\n\n<p>Nem todos os documentos conciliares s\u00e3o infal\u00edveis \u2014 apenas:<\/p>\n\n\n\n<ul class=\"wp-block-list\">\n<li>defini\u00e7\u00f5es dogm\u00e1ticas<\/li>\n\n\n\n<li>condena\u00e7\u00f5es formais de erros<\/li>\n<\/ul>\n\n\n\n<h3 class=\"wp-block-heading\"><strong>7) O Magist\u00e9rio universal ordin\u00e1rio<\/strong><\/h3>\n\n\n\n<p>Foi definido pelo cardeal Ottaviani como o ensinamento conjunto dos bispos, em comunh\u00e3o com o papa, quando concordam na mesma doutrina.<\/p>\n\n\n\n<p>Trata-se da unanimidade moral do episcopado ensinando uma mesma verdade de f\u00e9.<\/p>\n\n\n\n<p>Tamb\u00e9m se aplica quando:<\/p>\n\n\n\n<ul class=\"wp-block-list\">\n<li>os papas repetem consistentemente um ensinamento<\/li>\n\n\n\n<li>n\u00e3o h\u00e1 oposi\u00e7\u00e3o significativa entre os bispos<\/li>\n<\/ul>\n\n\n\n<p>Nesse caso, a aceita\u00e7\u00e3o universal n\u00e3o \u00e9 a causa da infalibilidade, mas um <strong>sinal<\/strong> dela, cuja origem est\u00e1 na assist\u00eancia divina \u00e0 Igreja.<\/p>\n\n\n\n<p>Os sedevacantistas recorrem frequentemente a esse princ\u00edpio para sustentar suas posi\u00e7\u00f5es. A an\u00e1lise dessa quest\u00e3o ser\u00e1 feita posteriormente.<\/p>\n\n\n\n<p>\u2020 P. Brocard<\/p>\n\n\n\n<ul class=\"wp-block-list\">\n<li>29.04.2026<\/li>\n<\/ul>\n\t\t\t\t\t\t\t\t<\/div>\n\t\t\t\t\t<\/div>\n\t\t\t\t<\/div>\n\t\t<div class=\"elementor-element elementor-element-fb0c7c4 e-flex e-con-boxed e-con e-parent\" data-id=\"fb0c7c4\" data-element_type=\"container\" data-e-type=\"container\" data-settings=\"{&quot;_ha_eqh_enable&quot;:false}\">\n\t\t\t\t\t<div class=\"e-con-inner\">\n\t\t\t\t<div class=\"elementor-element elementor-element-b1523b9 elementor-widget elementor-widget-html\" data-id=\"b1523b9\" data-element_type=\"widget\" data-e-type=\"widget\" data-widget_type=\"html.default\">\n\t\t\t\t\t<iframe \nsrc=\"http:\/\/seminariodomlefebvre.com\/wp-content\/uploads\/2026\/04\/A-Palavra-do-Diretor-A-Infalibilidade-10.docx.pdf\" \nwidth=\"100%\" \nheight=\"1000px\" \nstyle=\"border:none;\">\n<\/iframe>\t\t\t\t<\/div>\n\t\t\t\t\t<\/div>\n\t\t\t\t<\/div>\n\t\t\t\t<\/div>","protected":false},"excerpt":{"rendered":"<p>Caros amigos e benfeitores, Vamos continuar nosso estudo sobre a Santa Igreja e passar agora ao segundo de seus atributos: a infalibilidade. Do segundo atributo da Igreja: a infalibilidade 1) Defini\u00e7\u00e3o Comecemos, como sempre, por ver o que nos ensina o Catecismo. O que se entende por infalibilidade da Igreja? \u201cPor infalibilidade da Igreja, entende-se [&hellip;]<\/p>\n","protected":false},"author":1,"featured_media":2310,"comment_status":"open","ping_status":"open","sticky":false,"template":"","format":"standard","meta":{"footnotes":""},"categories":[10],"tags":[],"class_list":["post-2309","post","type-post","status-publish","format-standard","has-post-thumbnail","hentry","category-diretor"],"yoast_head":"<!-- This site is optimized with the Yoast SEO plugin v27.4 - https:\/\/yoast.com\/product\/yoast-seo-wordpress\/ -->\n<title>A Palavra do Diretor - A Infalibilidade - #10 - Semin\u00e1rio Dom Marcel Lefebvre<\/title>\n<meta name=\"robots\" content=\"index, follow, max-snippet:-1, max-image-preview:large, max-video-preview:-1\" \/>\n<link rel=\"canonical\" href=\"https:\/\/seminariodomlefebvre.com\/en\/2026\/04\/29\/a-palavra-do-diretor-a-infalibilidade-10\/\" \/>\n<meta property=\"og:locale\" content=\"en_US\" \/>\n<meta property=\"og:type\" content=\"article\" \/>\n<meta property=\"og:title\" content=\"A Palavra do Diretor - A Infalibilidade - #10 - Semin\u00e1rio Dom Marcel Lefebvre\" \/>\n<meta property=\"og:description\" content=\"Caros amigos e benfeitores, Vamos continuar nosso estudo sobre a Santa Igreja e passar agora ao segundo de seus atributos: a infalibilidade. Do segundo atributo da Igreja: a infalibilidade 1) Defini\u00e7\u00e3o Comecemos, como sempre, por ver o que nos ensina o Catecismo. O que se entende por infalibilidade da Igreja? \u201cPor infalibilidade da Igreja, entende-se [&hellip;]\" \/>\n<meta property=\"og:url\" content=\"https:\/\/seminariodomlefebvre.com\/en\/2026\/04\/29\/a-palavra-do-diretor-a-infalibilidade-10\/\" \/>\n<meta property=\"og:site_name\" content=\"Semin\u00e1rio Dom Marcel Lefebvre\" \/>\n<meta property=\"article:published_time\" content=\"2026-04-29T13:20:04+00:00\" \/>\n<meta property=\"article:modified_time\" content=\"2026-04-29T13:21:32+00:00\" \/>\n<meta property=\"og:image\" content=\"http:\/\/seminariodomlefebvre.com\/wp-content\/uploads\/2026\/04\/palavra-do-diretor-10.png\" \/>\n\t<meta property=\"og:image:width\" content=\"1536\" \/>\n\t<meta property=\"og:image:height\" content=\"1024\" \/>\n\t<meta property=\"og:image:type\" content=\"image\/png\" \/>\n<meta name=\"author\" content=\"admin\" \/>\n<meta name=\"twitter:card\" content=\"summary_large_image\" \/>\n<meta name=\"twitter:label1\" content=\"Written by\" \/>\n\t<meta name=\"twitter:data1\" content=\"admin\" \/>\n\t<meta name=\"twitter:label2\" content=\"Est. reading time\" \/>\n\t<meta name=\"twitter:data2\" content=\"4 minutes\" \/>\n<script type=\"application\/ld+json\" class=\"yoast-schema-graph\">{\"@context\":\"https:\\\/\\\/schema.org\",\"@graph\":[{\"@type\":\"Article\",\"@id\":\"https:\\\/\\\/seminariodomlefebvre.com\\\/2026\\\/04\\\/29\\\/a-palavra-do-diretor-a-infalibilidade-10\\\/#article\",\"isPartOf\":{\"@id\":\"https:\\\/\\\/seminariodomlefebvre.com\\\/2026\\\/04\\\/29\\\/a-palavra-do-diretor-a-infalibilidade-10\\\/\"},\"author\":{\"name\":\"admin\",\"@id\":\"https:\\\/\\\/seminariodomlefebvre.com\\\/#\\\/schema\\\/person\\\/a1f13efe8c5b8d6ce69ebe1c0079db83\"},\"headline\":\"A Palavra do Diretor &#8211; A Infalibilidade &#8211; #10\",\"datePublished\":\"2026-04-29T13:20:04+00:00\",\"dateModified\":\"2026-04-29T13:21:32+00:00\",\"mainEntityOfPage\":{\"@id\":\"https:\\\/\\\/seminariodomlefebvre.com\\\/2026\\\/04\\\/29\\\/a-palavra-do-diretor-a-infalibilidade-10\\\/\"},\"wordCount\":692,\"commentCount\":0,\"publisher\":{\"@id\":\"https:\\\/\\\/seminariodomlefebvre.com\\\/#organization\"},\"image\":{\"@id\":\"https:\\\/\\\/seminariodomlefebvre.com\\\/2026\\\/04\\\/29\\\/a-palavra-do-diretor-a-infalibilidade-10\\\/#primaryimage\"},\"thumbnailUrl\":\"https:\\\/\\\/seminariodomlefebvre.com\\\/wp-content\\\/uploads\\\/2026\\\/04\\\/palavra-do-diretor-10.png\",\"articleSection\":[\"Diretor\"],\"inLanguage\":\"en-US\",\"potentialAction\":[{\"@type\":\"CommentAction\",\"name\":\"Comment\",\"target\":[\"https:\\\/\\\/seminariodomlefebvre.com\\\/2026\\\/04\\\/29\\\/a-palavra-do-diretor-a-infalibilidade-10\\\/#respond\"]}]},{\"@type\":\"WebPage\",\"@id\":\"https:\\\/\\\/seminariodomlefebvre.com\\\/2026\\\/04\\\/29\\\/a-palavra-do-diretor-a-infalibilidade-10\\\/\",\"url\":\"https:\\\/\\\/seminariodomlefebvre.com\\\/2026\\\/04\\\/29\\\/a-palavra-do-diretor-a-infalibilidade-10\\\/\",\"name\":\"A Palavra do Diretor - A Infalibilidade - #10 - Semin\u00e1rio Dom Marcel Lefebvre\",\"isPartOf\":{\"@id\":\"https:\\\/\\\/seminariodomlefebvre.com\\\/#website\"},\"primaryImageOfPage\":{\"@id\":\"https:\\\/\\\/seminariodomlefebvre.com\\\/2026\\\/04\\\/29\\\/a-palavra-do-diretor-a-infalibilidade-10\\\/#primaryimage\"},\"image\":{\"@id\":\"https:\\\/\\\/seminariodomlefebvre.com\\\/2026\\\/04\\\/29\\\/a-palavra-do-diretor-a-infalibilidade-10\\\/#primaryimage\"},\"thumbnailUrl\":\"https:\\\/\\\/seminariodomlefebvre.com\\\/wp-content\\\/uploads\\\/2026\\\/04\\\/palavra-do-diretor-10.png\",\"datePublished\":\"2026-04-29T13:20:04+00:00\",\"dateModified\":\"2026-04-29T13:21:32+00:00\",\"breadcrumb\":{\"@id\":\"https:\\\/\\\/seminariodomlefebvre.com\\\/2026\\\/04\\\/29\\\/a-palavra-do-diretor-a-infalibilidade-10\\\/#breadcrumb\"},\"inLanguage\":\"en-US\",\"potentialAction\":[{\"@type\":\"ReadAction\",\"target\":[\"https:\\\/\\\/seminariodomlefebvre.com\\\/2026\\\/04\\\/29\\\/a-palavra-do-diretor-a-infalibilidade-10\\\/\"]}]},{\"@type\":\"ImageObject\",\"inLanguage\":\"en-US\",\"@id\":\"https:\\\/\\\/seminariodomlefebvre.com\\\/2026\\\/04\\\/29\\\/a-palavra-do-diretor-a-infalibilidade-10\\\/#primaryimage\",\"url\":\"https:\\\/\\\/seminariodomlefebvre.com\\\/wp-content\\\/uploads\\\/2026\\\/04\\\/palavra-do-diretor-10.png\",\"contentUrl\":\"https:\\\/\\\/seminariodomlefebvre.com\\\/wp-content\\\/uploads\\\/2026\\\/04\\\/palavra-do-diretor-10.png\",\"width\":1536,\"height\":1024},{\"@type\":\"BreadcrumbList\",\"@id\":\"https:\\\/\\\/seminariodomlefebvre.com\\\/2026\\\/04\\\/29\\\/a-palavra-do-diretor-a-infalibilidade-10\\\/#breadcrumb\",\"itemListElement\":[{\"@type\":\"ListItem\",\"position\":1,\"name\":\"In\u00edcio\",\"item\":\"https:\\\/\\\/seminariodomlefebvre.com\\\/\"},{\"@type\":\"ListItem\",\"position\":2,\"name\":\"A Palavra do Diretor &#8211; A Infalibilidade &#8211; #10\"}]},{\"@type\":\"WebSite\",\"@id\":\"https:\\\/\\\/seminariodomlefebvre.com\\\/#website\",\"url\":\"https:\\\/\\\/seminariodomlefebvre.com\\\/\",\"name\":\"Semin\u00e1rio Dom Marcel Lefebvre\",\"description\":\"A Sociedade Sacerdotal dos Ap\u00f3stolos de Jesus e Maria (SAJM), fundada em 22 de agosto de 2016 por Dom Jean-Michel Faure, permanece fiel \u00e0 obra e ao combate de Dom Marcel Lefebvre, na fidelidade \u00e0 F\u00e9 de sempre. No contexto da atual crise da Igreja, e dando continuidade \u00e0 sua miss\u00e3o formativa, a SAJM tomou a dianteira de um semin\u00e1rio no Brasil \u2014 o Semin\u00e1rio Dom Marcel Lefebvre \u2014 destinado \u00e0 forma\u00e7\u00e3o e \u00e0 prote\u00e7\u00e3o de futuros sacerdotes segundo essa mesma linha doutrinal e espiritual.\",\"publisher\":{\"@id\":\"https:\\\/\\\/seminariodomlefebvre.com\\\/#organization\"},\"potentialAction\":[{\"@type\":\"SearchAction\",\"target\":{\"@type\":\"EntryPoint\",\"urlTemplate\":\"https:\\\/\\\/seminariodomlefebvre.com\\\/?s={search_term_string}\"},\"query-input\":{\"@type\":\"PropertyValueSpecification\",\"valueRequired\":true,\"valueName\":\"search_term_string\"}}],\"inLanguage\":\"en-US\"},{\"@type\":\"Organization\",\"@id\":\"https:\\\/\\\/seminariodomlefebvre.com\\\/#organization\",\"name\":\"Semin\u00e1rio Dom Marcel Lefebvre\",\"url\":\"https:\\\/\\\/seminariodomlefebvre.com\\\/\",\"logo\":{\"@type\":\"ImageObject\",\"inLanguage\":\"en-US\",\"@id\":\"https:\\\/\\\/seminariodomlefebvre.com\\\/#\\\/schema\\\/logo\\\/image\\\/\",\"url\":\"https:\\\/\\\/seminariodomlefebvre.com\\\/wp-content\\\/uploads\\\/2026\\\/02\\\/sajm-logo-oficial-1024x683.png\",\"contentUrl\":\"https:\\\/\\\/seminariodomlefebvre.com\\\/wp-content\\\/uploads\\\/2026\\\/02\\\/sajm-logo-oficial-1024x683.png\",\"width\":1024,\"height\":683,\"caption\":\"Semin\u00e1rio Dom Marcel Lefebvre\"},\"image\":{\"@id\":\"https:\\\/\\\/seminariodomlefebvre.com\\\/#\\\/schema\\\/logo\\\/image\\\/\"}},{\"@type\":\"Person\",\"@id\":\"https:\\\/\\\/seminariodomlefebvre.com\\\/#\\\/schema\\\/person\\\/a1f13efe8c5b8d6ce69ebe1c0079db83\",\"name\":\"admin\",\"image\":{\"@type\":\"ImageObject\",\"inLanguage\":\"en-US\",\"@id\":\"https:\\\/\\\/secure.gravatar.com\\\/avatar\\\/e084c731901399b981a02bc64b7f3bfbc81ebff9df353ea2ed0598ffb7bf4fa4?s=96&d=mm&r=g\",\"url\":\"https:\\\/\\\/secure.gravatar.com\\\/avatar\\\/e084c731901399b981a02bc64b7f3bfbc81ebff9df353ea2ed0598ffb7bf4fa4?s=96&d=mm&r=g\",\"contentUrl\":\"https:\\\/\\\/secure.gravatar.com\\\/avatar\\\/e084c731901399b981a02bc64b7f3bfbc81ebff9df353ea2ed0598ffb7bf4fa4?s=96&d=mm&r=g\",\"caption\":\"admin\"},\"sameAs\":[\"https:\\\/\\\/seminariodomlefebvre.com\"],\"url\":\"https:\\\/\\\/seminariodomlefebvre.com\\\/en\\\/author\\\/admin\\\/\"}]}<\/script>\n<!-- \/ Yoast SEO plugin. -->","yoast_head_json":{"title":"A Palavra do Diretor - A Infalibilidade - #10 - Semin\u00e1rio Dom Marcel Lefebvre","robots":{"index":"index","follow":"follow","max-snippet":"max-snippet:-1","max-image-preview":"max-image-preview:large","max-video-preview":"max-video-preview:-1"},"canonical":"https:\/\/seminariodomlefebvre.com\/en\/2026\/04\/29\/a-palavra-do-diretor-a-infalibilidade-10\/","og_locale":"en_US","og_type":"article","og_title":"A Palavra do Diretor - A Infalibilidade - #10 - Semin\u00e1rio Dom Marcel Lefebvre","og_description":"Caros amigos e benfeitores, Vamos continuar nosso estudo sobre a Santa Igreja e passar agora ao segundo de seus atributos: a infalibilidade. Do segundo atributo da Igreja: a infalibilidade 1) Defini\u00e7\u00e3o Comecemos, como sempre, por ver o que nos ensina o Catecismo. O que se entende por infalibilidade da Igreja? \u201cPor infalibilidade da Igreja, entende-se [&hellip;]","og_url":"https:\/\/seminariodomlefebvre.com\/en\/2026\/04\/29\/a-palavra-do-diretor-a-infalibilidade-10\/","og_site_name":"Semin\u00e1rio Dom Marcel Lefebvre","article_published_time":"2026-04-29T13:20:04+00:00","article_modified_time":"2026-04-29T13:21:32+00:00","og_image":[{"width":1536,"height":1024,"url":"http:\/\/seminariodomlefebvre.com\/wp-content\/uploads\/2026\/04\/palavra-do-diretor-10.png","type":"image\/png"}],"author":"admin","twitter_card":"summary_large_image","twitter_misc":{"Written by":"admin","Est. reading time":"4 minutes"},"schema":{"@context":"https:\/\/schema.org","@graph":[{"@type":"Article","@id":"https:\/\/seminariodomlefebvre.com\/2026\/04\/29\/a-palavra-do-diretor-a-infalibilidade-10\/#article","isPartOf":{"@id":"https:\/\/seminariodomlefebvre.com\/2026\/04\/29\/a-palavra-do-diretor-a-infalibilidade-10\/"},"author":{"name":"admin","@id":"https:\/\/seminariodomlefebvre.com\/#\/schema\/person\/a1f13efe8c5b8d6ce69ebe1c0079db83"},"headline":"A Palavra do Diretor &#8211; A Infalibilidade &#8211; #10","datePublished":"2026-04-29T13:20:04+00:00","dateModified":"2026-04-29T13:21:32+00:00","mainEntityOfPage":{"@id":"https:\/\/seminariodomlefebvre.com\/2026\/04\/29\/a-palavra-do-diretor-a-infalibilidade-10\/"},"wordCount":692,"commentCount":0,"publisher":{"@id":"https:\/\/seminariodomlefebvre.com\/#organization"},"image":{"@id":"https:\/\/seminariodomlefebvre.com\/2026\/04\/29\/a-palavra-do-diretor-a-infalibilidade-10\/#primaryimage"},"thumbnailUrl":"https:\/\/seminariodomlefebvre.com\/wp-content\/uploads\/2026\/04\/palavra-do-diretor-10.png","articleSection":["Diretor"],"inLanguage":"en-US","potentialAction":[{"@type":"CommentAction","name":"Comment","target":["https:\/\/seminariodomlefebvre.com\/2026\/04\/29\/a-palavra-do-diretor-a-infalibilidade-10\/#respond"]}]},{"@type":"WebPage","@id":"https:\/\/seminariodomlefebvre.com\/2026\/04\/29\/a-palavra-do-diretor-a-infalibilidade-10\/","url":"https:\/\/seminariodomlefebvre.com\/2026\/04\/29\/a-palavra-do-diretor-a-infalibilidade-10\/","name":"A Palavra do Diretor - A Infalibilidade - #10 - Semin\u00e1rio Dom Marcel Lefebvre","isPartOf":{"@id":"https:\/\/seminariodomlefebvre.com\/#website"},"primaryImageOfPage":{"@id":"https:\/\/seminariodomlefebvre.com\/2026\/04\/29\/a-palavra-do-diretor-a-infalibilidade-10\/#primaryimage"},"image":{"@id":"https:\/\/seminariodomlefebvre.com\/2026\/04\/29\/a-palavra-do-diretor-a-infalibilidade-10\/#primaryimage"},"thumbnailUrl":"https:\/\/seminariodomlefebvre.com\/wp-content\/uploads\/2026\/04\/palavra-do-diretor-10.png","datePublished":"2026-04-29T13:20:04+00:00","dateModified":"2026-04-29T13:21:32+00:00","breadcrumb":{"@id":"https:\/\/seminariodomlefebvre.com\/2026\/04\/29\/a-palavra-do-diretor-a-infalibilidade-10\/#breadcrumb"},"inLanguage":"en-US","potentialAction":[{"@type":"ReadAction","target":["https:\/\/seminariodomlefebvre.com\/2026\/04\/29\/a-palavra-do-diretor-a-infalibilidade-10\/"]}]},{"@type":"ImageObject","inLanguage":"en-US","@id":"https:\/\/seminariodomlefebvre.com\/2026\/04\/29\/a-palavra-do-diretor-a-infalibilidade-10\/#primaryimage","url":"https:\/\/seminariodomlefebvre.com\/wp-content\/uploads\/2026\/04\/palavra-do-diretor-10.png","contentUrl":"https:\/\/seminariodomlefebvre.com\/wp-content\/uploads\/2026\/04\/palavra-do-diretor-10.png","width":1536,"height":1024},{"@type":"BreadcrumbList","@id":"https:\/\/seminariodomlefebvre.com\/2026\/04\/29\/a-palavra-do-diretor-a-infalibilidade-10\/#breadcrumb","itemListElement":[{"@type":"ListItem","position":1,"name":"In\u00edcio","item":"https:\/\/seminariodomlefebvre.com\/"},{"@type":"ListItem","position":2,"name":"A Palavra do Diretor &#8211; A Infalibilidade &#8211; #10"}]},{"@type":"WebSite","@id":"https:\/\/seminariodomlefebvre.com\/#website","url":"https:\/\/seminariodomlefebvre.com\/","name":"Mgr Marcel Lefebvre Seminary","description":"A Sociedade Sacerdotal dos Ap\u00f3stolos de Jesus e Maria (SAJM), fundada em 22 de agosto de 2016 por Dom Jean-Michel Faure, permanece fiel \u00e0 obra e ao combate de Dom Marcel Lefebvre, na fidelidade \u00e0 F\u00e9 de sempre. No contexto da atual crise da Igreja, e dando continuidade \u00e0 sua miss\u00e3o formativa, a SAJM tomou a dianteira de um semin\u00e1rio no Brasil \u2014 o Semin\u00e1rio Dom Marcel Lefebvre \u2014 destinado \u00e0 forma\u00e7\u00e3o e \u00e0 prote\u00e7\u00e3o de futuros sacerdotes segundo essa mesma linha doutrinal e espiritual.","publisher":{"@id":"https:\/\/seminariodomlefebvre.com\/#organization"},"potentialAction":[{"@type":"SearchAction","target":{"@type":"EntryPoint","urlTemplate":"https:\/\/seminariodomlefebvre.com\/?s={search_term_string}"},"query-input":{"@type":"PropertyValueSpecification","valueRequired":true,"valueName":"search_term_string"}}],"inLanguage":"en-US"},{"@type":"Organization","@id":"https:\/\/seminariodomlefebvre.com\/#organization","name":"Mgr Marcel Lefebvre Seminary","url":"https:\/\/seminariodomlefebvre.com\/","logo":{"@type":"ImageObject","inLanguage":"en-US","@id":"https:\/\/seminariodomlefebvre.com\/#\/schema\/logo\/image\/","url":"https:\/\/seminariodomlefebvre.com\/wp-content\/uploads\/2026\/02\/sajm-logo-oficial-1024x683.png","contentUrl":"https:\/\/seminariodomlefebvre.com\/wp-content\/uploads\/2026\/02\/sajm-logo-oficial-1024x683.png","width":1024,"height":683,"caption":"Semin\u00e1rio Dom Marcel Lefebvre"},"image":{"@id":"https:\/\/seminariodomlefebvre.com\/#\/schema\/logo\/image\/"}},{"@type":"Person","@id":"https:\/\/seminariodomlefebvre.com\/#\/schema\/person\/a1f13efe8c5b8d6ce69ebe1c0079db83","name":"admin","image":{"@type":"ImageObject","inLanguage":"en-US","@id":"https:\/\/secure.gravatar.com\/avatar\/e084c731901399b981a02bc64b7f3bfbc81ebff9df353ea2ed0598ffb7bf4fa4?s=96&d=mm&r=g","url":"https:\/\/secure.gravatar.com\/avatar\/e084c731901399b981a02bc64b7f3bfbc81ebff9df353ea2ed0598ffb7bf4fa4?s=96&d=mm&r=g","contentUrl":"https:\/\/secure.gravatar.com\/avatar\/e084c731901399b981a02bc64b7f3bfbc81ebff9df353ea2ed0598ffb7bf4fa4?s=96&d=mm&r=g","caption":"admin"},"sameAs":["https:\/\/seminariodomlefebvre.com"],"url":"https:\/\/seminariodomlefebvre.com\/en\/author\/admin\/"}]}},"_links":{"self":[{"href":"https:\/\/seminariodomlefebvre.com\/en\/wp-json\/wp\/v2\/posts\/2309","targetHints":{"allow":["GET"]}}],"collection":[{"href":"https:\/\/seminariodomlefebvre.com\/en\/wp-json\/wp\/v2\/posts"}],"about":[{"href":"https:\/\/seminariodomlefebvre.com\/en\/wp-json\/wp\/v2\/types\/post"}],"author":[{"embeddable":true,"href":"https:\/\/seminariodomlefebvre.com\/en\/wp-json\/wp\/v2\/users\/1"}],"replies":[{"embeddable":true,"href":"https:\/\/seminariodomlefebvre.com\/en\/wp-json\/wp\/v2\/comments?post=2309"}],"version-history":[{"count":5,"href":"https:\/\/seminariodomlefebvre.com\/en\/wp-json\/wp\/v2\/posts\/2309\/revisions"}],"predecessor-version":[{"id":2322,"href":"https:\/\/seminariodomlefebvre.com\/en\/wp-json\/wp\/v2\/posts\/2309\/revisions\/2322"}],"wp:featuredmedia":[{"embeddable":true,"href":"https:\/\/seminariodomlefebvre.com\/en\/wp-json\/wp\/v2\/media\/2310"}],"wp:attachment":[{"href":"https:\/\/seminariodomlefebvre.com\/en\/wp-json\/wp\/v2\/media?parent=2309"}],"wp:term":[{"taxonomy":"category","embeddable":true,"href":"https:\/\/seminariodomlefebvre.com\/en\/wp-json\/wp\/v2\/categories?post=2309"},{"taxonomy":"post_tag","embeddable":true,"href":"https:\/\/seminariodomlefebvre.com\/en\/wp-json\/wp\/v2\/tags?post=2309"}],"curies":[{"name":"wp","href":"https:\/\/api.w.org\/{rel}","templated":true}]}}